{"id":15809,"date":"2021-02-17T19:43:08","date_gmt":"2021-02-17T18:43:08","guid":{"rendered":"https:\/\/reddani.ch\/website\/?p=15809"},"modified":"2024-06-11T11:23:43","modified_gmt":"2024-06-11T09:23:43","slug":"letemps-ch-covid-a-t-on-encore-le-droit-et-la-possibilite-de-dire-le-reel-tel-quil-est-par-jamal-reddani","status":"publish","type":"post","link":"https:\/\/reddani.ch\/website\/letemps-ch-covid-a-t-on-encore-le-droit-et-la-possibilite-de-dire-le-reel-tel-quil-est-par-jamal-reddani\/","title":{"rendered":"Covid: a-t-on encore le droit et la possibilit\u00e9 de dire le r\u00e9el tel qu&#8217;il est?"},"content":{"rendered":"<div class=\"wpb-content-wrapper\"><p>[vc_row][vc_column][vc_column_text]<br \/>\nPUBLICATION DANS LeTemps.ch<\/p>\n<p>LeTemps.ch : Covid: a-t-on encore le droit et la possibilit\u00e9 de dire le r\u00e9el tel qu&#8217;il est? par Jamal Reddani.<\/p>\n<p>[vc_separator type=&#8217;transparent&#8217; position=&#8217;center&#8217; color=&#8221; thickness=&#8221; up=&#8217;20px&#8217; down=&#8221;]<\/p>\n<p>[\/vc_column_text]<\/p>\n<p><a  itemprop=\"url\" href=\"https:\/\/reddani.ch\/website\/wp-content\/uploads\/2021\/02\/20210212-Le-Temps-Covid-1.pdf\" target=\"_blank\"  class=\"qbutton  default\" style=\"\">Click here for the PDF<i class=\"qode_icon_font_awesome fa fa-file-pdf-o qode_button_icon_element\"><\/i><\/a><br \/>\n[\/vc_column][\/vc_row]<\/p>\n<\/div>","protected":false},"excerpt":{"rendered":"<p>PUBLICATION DANS LETEMPS.CH On nous a confin\u00e9s sur une rive. Les mots et les rem\u00e8des sur l&#8217;autre. Au milieu coule un r\u00e9el qu&#8217;il est interdit de nommer.<\/p>\n","protected":false},"author":2,"featured_media":15833,"comment_status":"open","ping_status":"open","sticky":false,"template":"","format":"standard","meta":{"footnotes":""},"categories":[2],"tags":[181,183,179,178,182,180],"class_list":["post-15809","post","type-post","status-publish","format-standard","has-post-thumbnail","hentry","category-economic-articles","tag-covid","tag-droit","tag-economie","tag-economy","tag-reel","tag-temps"],"yoast_head":"<!-- This site is optimized with the Yoast SEO plugin v25.4 - https:\/\/yoast.com\/wordpress\/plugins\/seo\/ -->\n<title>Covid: a-t-on encore le droit et la possibilit\u00e9 de dire le r\u00e9el tel qu&#039;il est?<\/title>\n<meta name=\"description\" content=\"Covid: a-t-on encore le droit et la possibilit\u00e9 de dire le r\u00e9el tel qu&#039;il est? par Jamal Reddani.\" \/>\n<meta name=\"robots\" content=\"index, follow, max-snippet:-1, max-image-preview:large, max-video-preview:-1\" \/>\n<link rel=\"canonical\" href=\"https:\/\/reddani.ch\/website\/letemps-ch-covid-a-t-on-encore-le-droit-et-la-possibilite-de-dire-le-reel-tel-quil-est-par-jamal-reddani\/\" \/>\n<meta property=\"og:locale\" content=\"en_US\" \/>\n<meta property=\"og:type\" content=\"article\" \/>\n<meta property=\"og:title\" content=\"Covid: a-t-on encore le droit et la possibilit\u00e9 de dire le r\u00e9el tel qu&#039;il est?\" \/>\n<meta property=\"og:description\" content=\"Covid: a-t-on encore le droit et la possibilit\u00e9 de dire le r\u00e9el tel qu&#039;il est? par Jamal Reddani.\" \/>\n<meta property=\"og:url\" content=\"https:\/\/reddani.ch\/website\/letemps-ch-covid-a-t-on-encore-le-droit-et-la-possibilite-de-dire-le-reel-tel-quil-est-par-jamal-reddani\/\" \/>\n<meta property=\"og:site_name\" content=\"Fiduciaire Reddani SA\" \/>\n<meta property=\"article:published_time\" content=\"2021-02-17T18:43:08+00:00\" \/>\n<meta property=\"article:modified_time\" content=\"2024-06-11T09:23:43+00:00\" \/>\n<meta property=\"og:image\" content=\"https:\/\/reddani.ch\/website\/wp-content\/uploads\/2021\/02\/LeTempsCovid.jpg\" \/>\n\t<meta property=\"og:image:width\" content=\"635\" \/>\n\t<meta property=\"og:image:height\" content=\"429\" \/>\n\t<meta property=\"og:image:type\" content=\"image\/jpeg\" \/>\n<meta name=\"author\" content=\"Reddani Jamal\" \/>\n<meta name=\"twitter:card\" content=\"summary_large_image\" \/>\n<meta name=\"twitter:label1\" content=\"Written by\" \/>\n\t<meta name=\"twitter:data1\" content=\"Reddani Jamal\" \/>\n\t<meta name=\"twitter:label2\" content=\"Est. reading time\" \/>\n\t<meta name=\"twitter:data2\" content=\"1 minute\" \/>\n<script type=\"application\/ld+json\" class=\"yoast-schema-graph\">{\"@context\":\"https:\/\/schema.org\",\"@graph\":[{\"@type\":\"Article\",\"@id\":\"https:\/\/reddani.ch\/website\/letemps-ch-covid-a-t-on-encore-le-droit-et-la-possibilite-de-dire-le-reel-tel-quil-est-par-jamal-reddani\/#article\",\"isPartOf\":{\"@id\":\"https:\/\/reddani.ch\/website\/letemps-ch-covid-a-t-on-encore-le-droit-et-la-possibilite-de-dire-le-reel-tel-quil-est-par-jamal-reddani\/\"},\"author\":{\"name\":\"Reddani Jamal\",\"@id\":\"https:\/\/reddani.ch\/website\/#\/schema\/person\/0cce431db0cc04ff017ed086b947e94a\"},\"headline\":\"Covid: a-t-on encore le droit et la possibilit\u00e9 de dire le r\u00e9el tel qu&#8217;il est?\",\"datePublished\":\"2021-02-17T18:43:08+00:00\",\"dateModified\":\"2024-06-11T09:23:43+00:00\",\"mainEntityOfPage\":{\"@id\":\"https:\/\/reddani.ch\/website\/letemps-ch-covid-a-t-on-encore-le-droit-et-la-possibilite-de-dire-le-reel-tel-quil-est-par-jamal-reddani\/\"},\"wordCount\":91,\"commentCount\":0,\"publisher\":{\"@id\":\"https:\/\/reddani.ch\/website\/#organization\"},\"image\":{\"@id\":\"https:\/\/reddani.ch\/website\/letemps-ch-covid-a-t-on-encore-le-droit-et-la-possibilite-de-dire-le-reel-tel-quil-est-par-jamal-reddani\/#primaryimage\"},\"thumbnailUrl\":\"https:\/\/reddani.ch\/website\/wp-content\/uploads\/2021\/02\/LeTempsCovid.jpg\",\"keywords\":[\"Covid\",\"droit\",\"\u00e9conomie\",\"economy\",\"r\u00e9el\",\"temps\"],\"articleSection\":[\"Economic Articles\"],\"inLanguage\":\"en-US\",\"potentialAction\":[{\"@type\":\"CommentAction\",\"name\":\"Comment\",\"target\":[\"https:\/\/reddani.ch\/website\/letemps-ch-covid-a-t-on-encore-le-droit-et-la-possibilite-de-dire-le-reel-tel-quil-est-par-jamal-reddani\/#respond\"]}]},{\"@type\":\"WebPage\",\"@id\":\"https:\/\/reddani.ch\/website\/letemps-ch-covid-a-t-on-encore-le-droit-et-la-possibilite-de-dire-le-reel-tel-quil-est-par-jamal-reddani\/\",\"url\":\"https:\/\/reddani.ch\/website\/letemps-ch-covid-a-t-on-encore-le-droit-et-la-possibilite-de-dire-le-reel-tel-quil-est-par-jamal-reddani\/\",\"name\":\"Covid: a-t-on encore le droit et la possibilit\u00e9 de dire le r\u00e9el tel qu'il est?\",\"isPartOf\":{\"@id\":\"https:\/\/reddani.ch\/website\/#website\"},\"primaryImageOfPage\":{\"@id\":\"https:\/\/reddani.ch\/website\/letemps-ch-covid-a-t-on-encore-le-droit-et-la-possibilite-de-dire-le-reel-tel-quil-est-par-jamal-reddani\/#primaryimage\"},\"image\":{\"@id\":\"https:\/\/reddani.ch\/website\/letemps-ch-covid-a-t-on-encore-le-droit-et-la-possibilite-de-dire-le-reel-tel-quil-est-par-jamal-reddani\/#primaryimage\"},\"thumbnailUrl\":\"https:\/\/reddani.ch\/website\/wp-content\/uploads\/2021\/02\/LeTempsCovid.jpg\",\"datePublished\":\"2021-02-17T18:43:08+00:00\",\"dateModified\":\"2024-06-11T09:23:43+00:00\",\"description\":\"Covid: a-t-on encore le droit et la possibilit\u00e9 de dire le r\u00e9el tel qu'il est? par Jamal Reddani.\",\"breadcrumb\":{\"@id\":\"https:\/\/reddani.ch\/website\/letemps-ch-covid-a-t-on-encore-le-droit-et-la-possibilite-de-dire-le-reel-tel-quil-est-par-jamal-reddani\/#breadcrumb\"},\"inLanguage\":\"en-US\",\"potentialAction\":[{\"@type\":\"ReadAction\",\"target\":[\"https:\/\/reddani.ch\/website\/letemps-ch-covid-a-t-on-encore-le-droit-et-la-possibilite-de-dire-le-reel-tel-quil-est-par-jamal-reddani\/\"]}]},{\"@type\":\"ImageObject\",\"inLanguage\":\"en-US\",\"@id\":\"https:\/\/reddani.ch\/website\/letemps-ch-covid-a-t-on-encore-le-droit-et-la-possibilite-de-dire-le-reel-tel-quil-est-par-jamal-reddani\/#primaryimage\",\"url\":\"https:\/\/reddani.ch\/website\/wp-content\/uploads\/2021\/02\/LeTempsCovid.jpg\",\"contentUrl\":\"https:\/\/reddani.ch\/website\/wp-content\/uploads\/2021\/02\/LeTempsCovid.jpg\",\"width\":635,\"height\":429},{\"@type\":\"BreadcrumbList\",\"@id\":\"https:\/\/reddani.ch\/website\/letemps-ch-covid-a-t-on-encore-le-droit-et-la-possibilite-de-dire-le-reel-tel-quil-est-par-jamal-reddani\/#breadcrumb\",\"itemListElement\":[{\"@type\":\"ListItem\",\"position\":1,\"name\":\"Accueil\",\"item\":\"https:\/\/reddani.ch\/website\/\"},{\"@type\":\"ListItem\",\"position\":2,\"name\":\"Covid: a-t-on encore le droit et la possibilit\u00e9 de dire le r\u00e9el tel qu&#8217;il est?\"}]},{\"@type\":\"WebSite\",\"@id\":\"https:\/\/reddani.ch\/website\/#website\",\"url\":\"https:\/\/reddani.ch\/website\/\",\"name\":\"Fiduciaire Reddani SA\",\"description\":\"making business right\",\"publisher\":{\"@id\":\"https:\/\/reddani.ch\/website\/#organization\"},\"alternateName\":\"Reddani Fiduciaire SA\",\"potentialAction\":[{\"@type\":\"SearchAction\",\"target\":{\"@type\":\"EntryPoint\",\"urlTemplate\":\"https:\/\/reddani.ch\/website\/?s={search_term_string}\"},\"query-input\":{\"@type\":\"PropertyValueSpecification\",\"valueRequired\":true,\"valueName\":\"search_term_string\"}}],\"inLanguage\":\"en-US\"},{\"@type\":\"Organization\",\"@id\":\"https:\/\/reddani.ch\/website\/#organization\",\"name\":\"Reddani Fiduciaire SA\",\"alternateName\":\"Reddani Fiduciaire SA\",\"url\":\"https:\/\/reddani.ch\/website\/\",\"logo\":{\"@type\":\"ImageObject\",\"inLanguage\":\"en-US\",\"@id\":\"https:\/\/reddani.ch\/website\/#\/schema\/logo\/image\/\",\"url\":\"https:\/\/reddani.ch\/website\/wp-content\/uploads\/2024\/11\/Logo-reddaniexpatax-696x696-1.jpg\",\"contentUrl\":\"https:\/\/reddani.ch\/website\/wp-content\/uploads\/2024\/11\/Logo-reddaniexpatax-696x696-1.jpg\",\"width\":696,\"height\":696,\"caption\":\"Reddani Fiduciaire SA\"},\"image\":{\"@id\":\"https:\/\/reddani.ch\/website\/#\/schema\/logo\/image\/\"}},{\"@type\":\"Person\",\"@id\":\"https:\/\/reddani.ch\/website\/#\/schema\/person\/0cce431db0cc04ff017ed086b947e94a\",\"name\":\"Reddani Jamal\",\"image\":{\"@type\":\"ImageObject\",\"inLanguage\":\"en-US\",\"@id\":\"https:\/\/reddani.ch\/website\/#\/schema\/person\/image\/\",\"url\":\"https:\/\/secure.gravatar.com\/avatar\/74593496d93aa2c4f4b1c186ab28043d7389a869fab05c0329642c60cc755692?s=96&d=mm&r=g\",\"contentUrl\":\"https:\/\/secure.gravatar.com\/avatar\/74593496d93aa2c4f4b1c186ab28043d7389a869fab05c0329642c60cc755692?s=96&d=mm&r=g\",\"caption\":\"Reddani Jamal\"},\"url\":\"https:\/\/reddani.ch\/website\/author\/reddani\/\"}]}<\/script>\n<!-- \/ Yoast SEO plugin. -->","yoast_head_json":{"title":"Covid: a-t-on encore le droit et la possibilit\u00e9 de dire le r\u00e9el tel qu'il est?","description":"Covid: a-t-on encore le droit et la possibilit\u00e9 de dire le r\u00e9el tel qu'il est? par Jamal Reddani.","robots":{"index":"index","follow":"follow","max-snippet":"max-snippet:-1","max-image-preview":"max-image-preview:large","max-video-preview":"max-video-preview:-1"},"canonical":"https:\/\/reddani.ch\/website\/letemps-ch-covid-a-t-on-encore-le-droit-et-la-possibilite-de-dire-le-reel-tel-quil-est-par-jamal-reddani\/","og_locale":"en_US","og_type":"article","og_title":"Covid: a-t-on encore le droit et la possibilit\u00e9 de dire le r\u00e9el tel qu'il est?","og_description":"Covid: a-t-on encore le droit et la possibilit\u00e9 de dire le r\u00e9el tel qu'il est? par Jamal Reddani.","og_url":"https:\/\/reddani.ch\/website\/letemps-ch-covid-a-t-on-encore-le-droit-et-la-possibilite-de-dire-le-reel-tel-quil-est-par-jamal-reddani\/","og_site_name":"Fiduciaire Reddani SA","article_published_time":"2021-02-17T18:43:08+00:00","article_modified_time":"2024-06-11T09:23:43+00:00","og_image":[{"width":635,"height":429,"url":"https:\/\/reddani.ch\/website\/wp-content\/uploads\/2021\/02\/LeTempsCovid.jpg","type":"image\/jpeg"}],"author":"Reddani Jamal","twitter_card":"summary_large_image","twitter_misc":{"Written by":"Reddani Jamal","Est. reading time":"1 minute"},"schema":{"@context":"https:\/\/schema.org","@graph":[{"@type":"Article","@id":"https:\/\/reddani.ch\/website\/letemps-ch-covid-a-t-on-encore-le-droit-et-la-possibilite-de-dire-le-reel-tel-quil-est-par-jamal-reddani\/#article","isPartOf":{"@id":"https:\/\/reddani.ch\/website\/letemps-ch-covid-a-t-on-encore-le-droit-et-la-possibilite-de-dire-le-reel-tel-quil-est-par-jamal-reddani\/"},"author":{"name":"Reddani Jamal","@id":"https:\/\/reddani.ch\/website\/#\/schema\/person\/0cce431db0cc04ff017ed086b947e94a"},"headline":"Covid: a-t-on encore le droit et la possibilit\u00e9 de dire le r\u00e9el tel qu&#8217;il est?","datePublished":"2021-02-17T18:43:08+00:00","dateModified":"2024-06-11T09:23:43+00:00","mainEntityOfPage":{"@id":"https:\/\/reddani.ch\/website\/letemps-ch-covid-a-t-on-encore-le-droit-et-la-possibilite-de-dire-le-reel-tel-quil-est-par-jamal-reddani\/"},"wordCount":91,"commentCount":0,"publisher":{"@id":"https:\/\/reddani.ch\/website\/#organization"},"image":{"@id":"https:\/\/reddani.ch\/website\/letemps-ch-covid-a-t-on-encore-le-droit-et-la-possibilite-de-dire-le-reel-tel-quil-est-par-jamal-reddani\/#primaryimage"},"thumbnailUrl":"https:\/\/reddani.ch\/website\/wp-content\/uploads\/2021\/02\/LeTempsCovid.jpg","keywords":["Covid","droit","\u00e9conomie","economy","r\u00e9el","temps"],"articleSection":["Economic Articles"],"inLanguage":"en-US","potentialAction":[{"@type":"CommentAction","name":"Comment","target":["https:\/\/reddani.ch\/website\/letemps-ch-covid-a-t-on-encore-le-droit-et-la-possibilite-de-dire-le-reel-tel-quil-est-par-jamal-reddani\/#respond"]}]},{"@type":"WebPage","@id":"https:\/\/reddani.ch\/website\/letemps-ch-covid-a-t-on-encore-le-droit-et-la-possibilite-de-dire-le-reel-tel-quil-est-par-jamal-reddani\/","url":"https:\/\/reddani.ch\/website\/letemps-ch-covid-a-t-on-encore-le-droit-et-la-possibilite-de-dire-le-reel-tel-quil-est-par-jamal-reddani\/","name":"Covid: a-t-on encore le droit et la possibilit\u00e9 de dire le r\u00e9el tel qu'il est?","isPartOf":{"@id":"https:\/\/reddani.ch\/website\/#website"},"primaryImageOfPage":{"@id":"https:\/\/reddani.ch\/website\/letemps-ch-covid-a-t-on-encore-le-droit-et-la-possibilite-de-dire-le-reel-tel-quil-est-par-jamal-reddani\/#primaryimage"},"image":{"@id":"https:\/\/reddani.ch\/website\/letemps-ch-covid-a-t-on-encore-le-droit-et-la-possibilite-de-dire-le-reel-tel-quil-est-par-jamal-reddani\/#primaryimage"},"thumbnailUrl":"https:\/\/reddani.ch\/website\/wp-content\/uploads\/2021\/02\/LeTempsCovid.jpg","datePublished":"2021-02-17T18:43:08+00:00","dateModified":"2024-06-11T09:23:43+00:00","description":"Covid: a-t-on encore le droit et la possibilit\u00e9 de dire le r\u00e9el tel qu'il est? par Jamal Reddani.","breadcrumb":{"@id":"https:\/\/reddani.ch\/website\/letemps-ch-covid-a-t-on-encore-le-droit-et-la-possibilite-de-dire-le-reel-tel-quil-est-par-jamal-reddani\/#breadcrumb"},"inLanguage":"en-US","potentialAction":[{"@type":"ReadAction","target":["https:\/\/reddani.ch\/website\/letemps-ch-covid-a-t-on-encore-le-droit-et-la-possibilite-de-dire-le-reel-tel-quil-est-par-jamal-reddani\/"]}]},{"@type":"ImageObject","inLanguage":"en-US","@id":"https:\/\/reddani.ch\/website\/letemps-ch-covid-a-t-on-encore-le-droit-et-la-possibilite-de-dire-le-reel-tel-quil-est-par-jamal-reddani\/#primaryimage","url":"https:\/\/reddani.ch\/website\/wp-content\/uploads\/2021\/02\/LeTempsCovid.jpg","contentUrl":"https:\/\/reddani.ch\/website\/wp-content\/uploads\/2021\/02\/LeTempsCovid.jpg","width":635,"height":429},{"@type":"BreadcrumbList","@id":"https:\/\/reddani.ch\/website\/letemps-ch-covid-a-t-on-encore-le-droit-et-la-possibilite-de-dire-le-reel-tel-quil-est-par-jamal-reddani\/#breadcrumb","itemListElement":[{"@type":"ListItem","position":1,"name":"Accueil","item":"https:\/\/reddani.ch\/website\/"},{"@type":"ListItem","position":2,"name":"Covid: a-t-on encore le droit et la possibilit\u00e9 de dire le r\u00e9el tel qu&#8217;il est?"}]},{"@type":"WebSite","@id":"https:\/\/reddani.ch\/website\/#website","url":"https:\/\/reddani.ch\/website\/","name":"Fiduciaire Reddani SA","description":"making business right","publisher":{"@id":"https:\/\/reddani.ch\/website\/#organization"},"alternateName":"Reddani Fiduciaire SA","potentialAction":[{"@type":"SearchAction","target":{"@type":"EntryPoint","urlTemplate":"https:\/\/reddani.ch\/website\/?s={search_term_string}"},"query-input":{"@type":"PropertyValueSpecification","valueRequired":true,"valueName":"search_term_string"}}],"inLanguage":"en-US"},{"@type":"Organization","@id":"https:\/\/reddani.ch\/website\/#organization","name":"Reddani Fiduciaire SA","alternateName":"Reddani Fiduciaire SA","url":"https:\/\/reddani.ch\/website\/","logo":{"@type":"ImageObject","inLanguage":"en-US","@id":"https:\/\/reddani.ch\/website\/#\/schema\/logo\/image\/","url":"https:\/\/reddani.ch\/website\/wp-content\/uploads\/2024\/11\/Logo-reddaniexpatax-696x696-1.jpg","contentUrl":"https:\/\/reddani.ch\/website\/wp-content\/uploads\/2024\/11\/Logo-reddaniexpatax-696x696-1.jpg","width":696,"height":696,"caption":"Reddani Fiduciaire SA"},"image":{"@id":"https:\/\/reddani.ch\/website\/#\/schema\/logo\/image\/"}},{"@type":"Person","@id":"https:\/\/reddani.ch\/website\/#\/schema\/person\/0cce431db0cc04ff017ed086b947e94a","name":"Reddani Jamal","image":{"@type":"ImageObject","inLanguage":"en-US","@id":"https:\/\/reddani.ch\/website\/#\/schema\/person\/image\/","url":"https:\/\/secure.gravatar.com\/avatar\/74593496d93aa2c4f4b1c186ab28043d7389a869fab05c0329642c60cc755692?s=96&d=mm&r=g","contentUrl":"https:\/\/secure.gravatar.com\/avatar\/74593496d93aa2c4f4b1c186ab28043d7389a869fab05c0329642c60cc755692?s=96&d=mm&r=g","caption":"Reddani Jamal"},"url":"https:\/\/reddani.ch\/website\/author\/reddani\/"}]}},"_links":{"self":[{"href":"https:\/\/reddani.ch\/website\/wp-json\/wp\/v2\/posts\/15809","targetHints":{"allow":["GET"]}}],"collection":[{"href":"https:\/\/reddani.ch\/website\/wp-json\/wp\/v2\/posts"}],"about":[{"href":"https:\/\/reddani.ch\/website\/wp-json\/wp\/v2\/types\/post"}],"author":[{"embeddable":true,"href":"https:\/\/reddani.ch\/website\/wp-json\/wp\/v2\/users\/2"}],"replies":[{"embeddable":true,"href":"https:\/\/reddani.ch\/website\/wp-json\/wp\/v2\/comments?post=15809"}],"version-history":[{"count":13,"href":"https:\/\/reddani.ch\/website\/wp-json\/wp\/v2\/posts\/15809\/revisions"}],"predecessor-version":[{"id":15850,"href":"https:\/\/reddani.ch\/website\/wp-json\/wp\/v2\/posts\/15809\/revisions\/15850"}],"wp:featuredmedia":[{"embeddable":true,"href":"https:\/\/reddani.ch\/website\/wp-json\/wp\/v2\/media\/15833"}],"wp:attachment":[{"href":"https:\/\/reddani.ch\/website\/wp-json\/wp\/v2\/media?parent=15809"}],"wp:term":[{"taxonomy":"category","embeddable":true,"href":"https:\/\/reddani.ch\/website\/wp-json\/wp\/v2\/categories?post=15809"},{"taxonomy":"post_tag","embeddable":true,"href":"https:\/\/reddani.ch\/website\/wp-json\/wp\/v2\/tags?post=15809"}],"curies":[{"name":"wp","href":"https:\/\/api.w.org\/{rel}","templated":true}]}}