{"id":15628,"date":"2013-10-16T11:18:06","date_gmt":"2013-10-16T09:18:06","guid":{"rendered":"https:\/\/reddani.ch\/website\/?p=15628"},"modified":"2025-07-10T14:29:43","modified_gmt":"2025-07-10T12:29:43","slug":"le-conseil-fiscal-aux-employes-et-consultants-des-organisations-internationales","status":"publish","type":"post","link":"https:\/\/reddani.ch\/website\/le-conseil-fiscal-aux-employes-et-consultants-des-organisations-internationales\/","title":{"rendered":"Le conseil fiscal aux employ\u00e9s et consultants des organisations internationales (original in French)"},"content":{"rendered":"<div class=\"wpb-content-wrapper\"><p>[vc_row][vc_column][vc_column_text]<\/p>\n<p>PUBLICATION DANS LE TEMPS<br \/>\nLa Suisse a une longue tradition de collaboration avec de nombreuses organisations internationales dont la proportion de personnel et consultants \u00e9trangers est importante. Ce personnel sp\u00e9cifique est sujet \u00e0 une grande mobilit\u00e9 g\u00e9ographique. Il peut quitter la Suisse mais aussi y revenir au gr\u00e9 des affectations. Les transferts entre les diff\u00e9rentes organisations internationales ne sont de loin pas n\u00e9gligeables.<\/p>\n<a  itemprop=\"url\" href=\"https:\/\/reddani.ch\/website\/wp-content\/uploads\/2017\/06\/20131016-Ai-consultant-with-UN-and-OI-BS-to-get-new.pdf\" target=\"_blank\"  class=\"qbutton  default\" style=\"font-style: normal; font-weight: 600; margin: 10; \">Click here for the PDF<i class=\"qode_icon_font_awesome fa fa-file-pdf-o qode_button_icon_element\"><\/i><\/a>\n<p>[\/vc_column_text][\/vc_column][\/vc_row]<\/p>\n<\/div>","protected":false},"excerpt":{"rendered":"<p>PUBLICATION DANS LE TEMPS. La Suisse a une longue tradition de collaboration avec de nombreuses organisations internationales dont la proportion de personnel et consultants \u00e9trangers est importante.<\/p>\n","protected":false},"author":2,"featured_media":15629,"comment_status":"closed","ping_status":"open","sticky":false,"template":"","format":"standard","meta":{"footnotes":""},"categories":[3],"tags":[145,147,146],"class_list":["post-15628","post","type-post","status-publish","format-standard","has-post-thumbnail","hentry","category-tax-articles","tag-conseil-fiscal","tag-consultants-des-organisations-internationales","tag-employes"],"yoast_head":"<!-- This site is optimized with the Yoast SEO plugin v25.4 - https:\/\/yoast.com\/wordpress\/plugins\/seo\/ -->\n<title>Le conseil fiscal aux employ\u00e9s et consultants des organisations internationales (original in French) - Fiduciaire Reddani SA<\/title>\n<meta name=\"description\" content=\"La Suisse a une longue tradition de collaboration avec de nombreuses organisations internationales dont la proportion de personnel et consultants...\" \/>\n<meta name=\"robots\" content=\"index, follow, max-snippet:-1, max-image-preview:large, max-video-preview:-1\" \/>\n<link rel=\"canonical\" href=\"https:\/\/reddani.ch\/website\/le-conseil-fiscal-aux-employes-et-consultants-des-organisations-internationales\/\" \/>\n<meta property=\"og:locale\" content=\"en_US\" \/>\n<meta property=\"og:type\" content=\"article\" \/>\n<meta property=\"og:title\" content=\"Le conseil fiscal aux employ\u00e9s et consultants des organisations internationales (original in French) - Fiduciaire Reddani SA\" \/>\n<meta property=\"og:description\" content=\"La Suisse a une longue tradition de collaboration avec de nombreuses organisations internationales dont la proportion de personnel et consultants...\" \/>\n<meta property=\"og:url\" content=\"https:\/\/reddani.ch\/website\/le-conseil-fiscal-aux-employes-et-consultants-des-organisations-internationales\/\" \/>\n<meta property=\"og:site_name\" content=\"Fiduciaire Reddani SA\" \/>\n<meta property=\"article:published_time\" content=\"2013-10-16T09:18:06+00:00\" \/>\n<meta property=\"article:modified_time\" content=\"2025-07-10T12:29:43+00:00\" \/>\n<meta property=\"og:image\" content=\"https:\/\/reddani.ch\/website\/wp-content\/uploads\/2017\/06\/20131016-Conseil-fiscal-employes-ONU-et-assimiles.jpg\" \/>\n\t<meta property=\"og:image:width\" content=\"1600\" \/>\n\t<meta property=\"og:image:height\" content=\"883\" \/>\n\t<meta property=\"og:image:type\" content=\"image\/jpeg\" \/>\n<meta name=\"author\" content=\"Reddani Jamal\" \/>\n<meta name=\"twitter:card\" content=\"summary_large_image\" \/>\n<meta name=\"twitter:label1\" content=\"Written by\" \/>\n\t<meta name=\"twitter:data1\" content=\"Reddani Jamal\" \/>\n\t<meta name=\"twitter:label2\" content=\"Est. reading time\" \/>\n\t<meta name=\"twitter:data2\" content=\"1 minute\" \/>\n<script type=\"application\/ld+json\" class=\"yoast-schema-graph\">{\"@context\":\"https:\/\/schema.org\",\"@graph\":[{\"@type\":\"Article\",\"@id\":\"https:\/\/reddani.ch\/website\/le-conseil-fiscal-aux-employes-et-consultants-des-organisations-internationales\/#article\",\"isPartOf\":{\"@id\":\"https:\/\/reddani.ch\/website\/le-conseil-fiscal-aux-employes-et-consultants-des-organisations-internationales\/\"},\"author\":{\"name\":\"Reddani Jamal\",\"@id\":\"https:\/\/reddani.ch\/website\/#\/schema\/person\/0cce431db0cc04ff017ed086b947e94a\"},\"headline\":\"Le conseil fiscal aux employ\u00e9s et consultants des organisations internationales (original in French)\",\"datePublished\":\"2013-10-16T09:18:06+00:00\",\"dateModified\":\"2025-07-10T12:29:43+00:00\",\"mainEntityOfPage\":{\"@id\":\"https:\/\/reddani.ch\/website\/le-conseil-fiscal-aux-employes-et-consultants-des-organisations-internationales\/\"},\"wordCount\":139,\"publisher\":{\"@id\":\"https:\/\/reddani.ch\/website\/#organization\"},\"image\":{\"@id\":\"https:\/\/reddani.ch\/website\/le-conseil-fiscal-aux-employes-et-consultants-des-organisations-internationales\/#primaryimage\"},\"thumbnailUrl\":\"https:\/\/reddani.ch\/website\/wp-content\/uploads\/2017\/06\/20131016-Conseil-fiscal-employes-ONU-et-assimiles.jpg\",\"keywords\":[\"conseil fiscal\",\"consultants des organisations internationales\",\"employ\u00e9s\"],\"articleSection\":[\"Tax Articles\"],\"inLanguage\":\"en-US\"},{\"@type\":\"WebPage\",\"@id\":\"https:\/\/reddani.ch\/website\/le-conseil-fiscal-aux-employes-et-consultants-des-organisations-internationales\/\",\"url\":\"https:\/\/reddani.ch\/website\/le-conseil-fiscal-aux-employes-et-consultants-des-organisations-internationales\/\",\"name\":\"Le conseil fiscal aux employ\u00e9s et consultants des organisations internationales (original in French) - Fiduciaire Reddani SA\",\"isPartOf\":{\"@id\":\"https:\/\/reddani.ch\/website\/#website\"},\"primaryImageOfPage\":{\"@id\":\"https:\/\/reddani.ch\/website\/le-conseil-fiscal-aux-employes-et-consultants-des-organisations-internationales\/#primaryimage\"},\"image\":{\"@id\":\"https:\/\/reddani.ch\/website\/le-conseil-fiscal-aux-employes-et-consultants-des-organisations-internationales\/#primaryimage\"},\"thumbnailUrl\":\"https:\/\/reddani.ch\/website\/wp-content\/uploads\/2017\/06\/20131016-Conseil-fiscal-employes-ONU-et-assimiles.jpg\",\"datePublished\":\"2013-10-16T09:18:06+00:00\",\"dateModified\":\"2025-07-10T12:29:43+00:00\",\"description\":\"La Suisse a une longue tradition de collaboration avec de nombreuses organisations internationales dont la proportion de personnel et consultants...\",\"breadcrumb\":{\"@id\":\"https:\/\/reddani.ch\/website\/le-conseil-fiscal-aux-employes-et-consultants-des-organisations-internationales\/#breadcrumb\"},\"inLanguage\":\"en-US\",\"potentialAction\":[{\"@type\":\"ReadAction\",\"target\":[\"https:\/\/reddani.ch\/website\/le-conseil-fiscal-aux-employes-et-consultants-des-organisations-internationales\/\"]}]},{\"@type\":\"ImageObject\",\"inLanguage\":\"en-US\",\"@id\":\"https:\/\/reddani.ch\/website\/le-conseil-fiscal-aux-employes-et-consultants-des-organisations-internationales\/#primaryimage\",\"url\":\"https:\/\/reddani.ch\/website\/wp-content\/uploads\/2017\/06\/20131016-Conseil-fiscal-employes-ONU-et-assimiles.jpg\",\"contentUrl\":\"https:\/\/reddani.ch\/website\/wp-content\/uploads\/2017\/06\/20131016-Conseil-fiscal-employes-ONU-et-assimiles.jpg\",\"width\":1600,\"height\":883},{\"@type\":\"BreadcrumbList\",\"@id\":\"https:\/\/reddani.ch\/website\/le-conseil-fiscal-aux-employes-et-consultants-des-organisations-internationales\/#breadcrumb\",\"itemListElement\":[{\"@type\":\"ListItem\",\"position\":1,\"name\":\"Accueil\",\"item\":\"https:\/\/reddani.ch\/website\/\"},{\"@type\":\"ListItem\",\"position\":2,\"name\":\"Le conseil fiscal aux employ\u00e9s et consultants des organisations internationales (original in French)\"}]},{\"@type\":\"WebSite\",\"@id\":\"https:\/\/reddani.ch\/website\/#website\",\"url\":\"https:\/\/reddani.ch\/website\/\",\"name\":\"Fiduciaire Reddani SA\",\"description\":\"making business right\",\"publisher\":{\"@id\":\"https:\/\/reddani.ch\/website\/#organization\"},\"alternateName\":\"Reddani Fiduciaire SA\",\"potentialAction\":[{\"@type\":\"SearchAction\",\"target\":{\"@type\":\"EntryPoint\",\"urlTemplate\":\"https:\/\/reddani.ch\/website\/?s={search_term_string}\"},\"query-input\":{\"@type\":\"PropertyValueSpecification\",\"valueRequired\":true,\"valueName\":\"search_term_string\"}}],\"inLanguage\":\"en-US\"},{\"@type\":\"Organization\",\"@id\":\"https:\/\/reddani.ch\/website\/#organization\",\"name\":\"Reddani Fiduciaire SA\",\"alternateName\":\"Reddani Fiduciaire SA\",\"url\":\"https:\/\/reddani.ch\/website\/\",\"logo\":{\"@type\":\"ImageObject\",\"inLanguage\":\"en-US\",\"@id\":\"https:\/\/reddani.ch\/website\/#\/schema\/logo\/image\/\",\"url\":\"https:\/\/reddani.ch\/website\/wp-content\/uploads\/2024\/11\/Logo-reddaniexpatax-696x696-1.jpg\",\"contentUrl\":\"https:\/\/reddani.ch\/website\/wp-content\/uploads\/2024\/11\/Logo-reddaniexpatax-696x696-1.jpg\",\"width\":696,\"height\":696,\"caption\":\"Reddani Fiduciaire SA\"},\"image\":{\"@id\":\"https:\/\/reddani.ch\/website\/#\/schema\/logo\/image\/\"}},{\"@type\":\"Person\",\"@id\":\"https:\/\/reddani.ch\/website\/#\/schema\/person\/0cce431db0cc04ff017ed086b947e94a\",\"name\":\"Reddani Jamal\",\"image\":{\"@type\":\"ImageObject\",\"inLanguage\":\"en-US\",\"@id\":\"https:\/\/reddani.ch\/website\/#\/schema\/person\/image\/\",\"url\":\"https:\/\/secure.gravatar.com\/avatar\/74593496d93aa2c4f4b1c186ab28043d7389a869fab05c0329642c60cc755692?s=96&d=mm&r=g\",\"contentUrl\":\"https:\/\/secure.gravatar.com\/avatar\/74593496d93aa2c4f4b1c186ab28043d7389a869fab05c0329642c60cc755692?s=96&d=mm&r=g\",\"caption\":\"Reddani Jamal\"},\"url\":\"https:\/\/reddani.ch\/website\/author\/reddani\/\"}]}<\/script>\n<!-- \/ Yoast SEO plugin. -->","yoast_head_json":{"title":"Le conseil fiscal aux employ\u00e9s et consultants des organisations internationales (original in French) - Fiduciaire Reddani SA","description":"La Suisse a une longue tradition de collaboration avec de nombreuses organisations internationales dont la proportion de personnel et consultants...","robots":{"index":"index","follow":"follow","max-snippet":"max-snippet:-1","max-image-preview":"max-image-preview:large","max-video-preview":"max-video-preview:-1"},"canonical":"https:\/\/reddani.ch\/website\/le-conseil-fiscal-aux-employes-et-consultants-des-organisations-internationales\/","og_locale":"en_US","og_type":"article","og_title":"Le conseil fiscal aux employ\u00e9s et consultants des organisations internationales (original in French) - Fiduciaire Reddani SA","og_description":"La Suisse a une longue tradition de collaboration avec de nombreuses organisations internationales dont la proportion de personnel et consultants...","og_url":"https:\/\/reddani.ch\/website\/le-conseil-fiscal-aux-employes-et-consultants-des-organisations-internationales\/","og_site_name":"Fiduciaire Reddani SA","article_published_time":"2013-10-16T09:18:06+00:00","article_modified_time":"2025-07-10T12:29:43+00:00","og_image":[{"width":1600,"height":883,"url":"https:\/\/reddani.ch\/website\/wp-content\/uploads\/2017\/06\/20131016-Conseil-fiscal-employes-ONU-et-assimiles.jpg","type":"image\/jpeg"}],"author":"Reddani Jamal","twitter_card":"summary_large_image","twitter_misc":{"Written by":"Reddani Jamal","Est. reading time":"1 minute"},"schema":{"@context":"https:\/\/schema.org","@graph":[{"@type":"Article","@id":"https:\/\/reddani.ch\/website\/le-conseil-fiscal-aux-employes-et-consultants-des-organisations-internationales\/#article","isPartOf":{"@id":"https:\/\/reddani.ch\/website\/le-conseil-fiscal-aux-employes-et-consultants-des-organisations-internationales\/"},"author":{"name":"Reddani Jamal","@id":"https:\/\/reddani.ch\/website\/#\/schema\/person\/0cce431db0cc04ff017ed086b947e94a"},"headline":"Le conseil fiscal aux employ\u00e9s et consultants des organisations internationales (original in French)","datePublished":"2013-10-16T09:18:06+00:00","dateModified":"2025-07-10T12:29:43+00:00","mainEntityOfPage":{"@id":"https:\/\/reddani.ch\/website\/le-conseil-fiscal-aux-employes-et-consultants-des-organisations-internationales\/"},"wordCount":139,"publisher":{"@id":"https:\/\/reddani.ch\/website\/#organization"},"image":{"@id":"https:\/\/reddani.ch\/website\/le-conseil-fiscal-aux-employes-et-consultants-des-organisations-internationales\/#primaryimage"},"thumbnailUrl":"https:\/\/reddani.ch\/website\/wp-content\/uploads\/2017\/06\/20131016-Conseil-fiscal-employes-ONU-et-assimiles.jpg","keywords":["conseil fiscal","consultants des organisations internationales","employ\u00e9s"],"articleSection":["Tax Articles"],"inLanguage":"en-US"},{"@type":"WebPage","@id":"https:\/\/reddani.ch\/website\/le-conseil-fiscal-aux-employes-et-consultants-des-organisations-internationales\/","url":"https:\/\/reddani.ch\/website\/le-conseil-fiscal-aux-employes-et-consultants-des-organisations-internationales\/","name":"Le conseil fiscal aux employ\u00e9s et consultants des organisations internationales (original in French) - Fiduciaire Reddani SA","isPartOf":{"@id":"https:\/\/reddani.ch\/website\/#website"},"primaryImageOfPage":{"@id":"https:\/\/reddani.ch\/website\/le-conseil-fiscal-aux-employes-et-consultants-des-organisations-internationales\/#primaryimage"},"image":{"@id":"https:\/\/reddani.ch\/website\/le-conseil-fiscal-aux-employes-et-consultants-des-organisations-internationales\/#primaryimage"},"thumbnailUrl":"https:\/\/reddani.ch\/website\/wp-content\/uploads\/2017\/06\/20131016-Conseil-fiscal-employes-ONU-et-assimiles.jpg","datePublished":"2013-10-16T09:18:06+00:00","dateModified":"2025-07-10T12:29:43+00:00","description":"La Suisse a une longue tradition de collaboration avec de nombreuses organisations internationales dont la proportion de personnel et consultants...","breadcrumb":{"@id":"https:\/\/reddani.ch\/website\/le-conseil-fiscal-aux-employes-et-consultants-des-organisations-internationales\/#breadcrumb"},"inLanguage":"en-US","potentialAction":[{"@type":"ReadAction","target":["https:\/\/reddani.ch\/website\/le-conseil-fiscal-aux-employes-et-consultants-des-organisations-internationales\/"]}]},{"@type":"ImageObject","inLanguage":"en-US","@id":"https:\/\/reddani.ch\/website\/le-conseil-fiscal-aux-employes-et-consultants-des-organisations-internationales\/#primaryimage","url":"https:\/\/reddani.ch\/website\/wp-content\/uploads\/2017\/06\/20131016-Conseil-fiscal-employes-ONU-et-assimiles.jpg","contentUrl":"https:\/\/reddani.ch\/website\/wp-content\/uploads\/2017\/06\/20131016-Conseil-fiscal-employes-ONU-et-assimiles.jpg","width":1600,"height":883},{"@type":"BreadcrumbList","@id":"https:\/\/reddani.ch\/website\/le-conseil-fiscal-aux-employes-et-consultants-des-organisations-internationales\/#breadcrumb","itemListElement":[{"@type":"ListItem","position":1,"name":"Accueil","item":"https:\/\/reddani.ch\/website\/"},{"@type":"ListItem","position":2,"name":"Le conseil fiscal aux employ\u00e9s et consultants des organisations internationales (original in French)"}]},{"@type":"WebSite","@id":"https:\/\/reddani.ch\/website\/#website","url":"https:\/\/reddani.ch\/website\/","name":"Fiduciaire Reddani SA","description":"making business right","publisher":{"@id":"https:\/\/reddani.ch\/website\/#organization"},"alternateName":"Reddani Fiduciaire SA","potentialAction":[{"@type":"SearchAction","target":{"@type":"EntryPoint","urlTemplate":"https:\/\/reddani.ch\/website\/?s={search_term_string}"},"query-input":{"@type":"PropertyValueSpecification","valueRequired":true,"valueName":"search_term_string"}}],"inLanguage":"en-US"},{"@type":"Organization","@id":"https:\/\/reddani.ch\/website\/#organization","name":"Reddani Fiduciaire SA","alternateName":"Reddani Fiduciaire SA","url":"https:\/\/reddani.ch\/website\/","logo":{"@type":"ImageObject","inLanguage":"en-US","@id":"https:\/\/reddani.ch\/website\/#\/schema\/logo\/image\/","url":"https:\/\/reddani.ch\/website\/wp-content\/uploads\/2024\/11\/Logo-reddaniexpatax-696x696-1.jpg","contentUrl":"https:\/\/reddani.ch\/website\/wp-content\/uploads\/2024\/11\/Logo-reddaniexpatax-696x696-1.jpg","width":696,"height":696,"caption":"Reddani Fiduciaire SA"},"image":{"@id":"https:\/\/reddani.ch\/website\/#\/schema\/logo\/image\/"}},{"@type":"Person","@id":"https:\/\/reddani.ch\/website\/#\/schema\/person\/0cce431db0cc04ff017ed086b947e94a","name":"Reddani Jamal","image":{"@type":"ImageObject","inLanguage":"en-US","@id":"https:\/\/reddani.ch\/website\/#\/schema\/person\/image\/","url":"https:\/\/secure.gravatar.com\/avatar\/74593496d93aa2c4f4b1c186ab28043d7389a869fab05c0329642c60cc755692?s=96&d=mm&r=g","contentUrl":"https:\/\/secure.gravatar.com\/avatar\/74593496d93aa2c4f4b1c186ab28043d7389a869fab05c0329642c60cc755692?s=96&d=mm&r=g","caption":"Reddani Jamal"},"url":"https:\/\/reddani.ch\/website\/author\/reddani\/"}]}},"_links":{"self":[{"href":"https:\/\/reddani.ch\/website\/wp-json\/wp\/v2\/posts\/15628","targetHints":{"allow":["GET"]}}],"collection":[{"href":"https:\/\/reddani.ch\/website\/wp-json\/wp\/v2\/posts"}],"about":[{"href":"https:\/\/reddani.ch\/website\/wp-json\/wp\/v2\/types\/post"}],"author":[{"embeddable":true,"href":"https:\/\/reddani.ch\/website\/wp-json\/wp\/v2\/users\/2"}],"replies":[{"embeddable":true,"href":"https:\/\/reddani.ch\/website\/wp-json\/wp\/v2\/comments?post=15628"}],"version-history":[{"count":5,"href":"https:\/\/reddani.ch\/website\/wp-json\/wp\/v2\/posts\/15628\/revisions"}],"predecessor-version":[{"id":15823,"href":"https:\/\/reddani.ch\/website\/wp-json\/wp\/v2\/posts\/15628\/revisions\/15823"}],"wp:featuredmedia":[{"embeddable":true,"href":"https:\/\/reddani.ch\/website\/wp-json\/wp\/v2\/media\/15629"}],"wp:attachment":[{"href":"https:\/\/reddani.ch\/website\/wp-json\/wp\/v2\/media?parent=15628"}],"wp:term":[{"taxonomy":"category","embeddable":true,"href":"https:\/\/reddani.ch\/website\/wp-json\/wp\/v2\/categories?post=15628"},{"taxonomy":"post_tag","embeddable":true,"href":"https:\/\/reddani.ch\/website\/wp-json\/wp\/v2\/tags?post=15628"}],"curies":[{"name":"wp","href":"https:\/\/api.w.org\/{rel}","templated":true}]}}