{"id":15624,"date":"2012-04-05T11:10:32","date_gmt":"2012-04-05T09:10:32","guid":{"rendered":"https:\/\/reddani.ch\/website\/?p=15624"},"modified":"2017-07-25T15:15:15","modified_gmt":"2017-07-25T13:15:15","slug":"tax-on-dividends","status":"publish","type":"post","link":"https:\/\/reddani.ch\/website\/tax-on-dividends\/","title":{"rendered":"Tax on dividends"},"content":{"rendered":"<div class=\"wpb-content-wrapper\"><p>[vc_row][vc_column][vc_column_text]<\/p>\n<p>PUBLICATION DANS LE TEMPS<br \/>\nWritten interview given to the newspaper Le Temps on the reform entrepreneurship II Swiss law<\/p>\n<p>\u00abCette r\u00e9forme n\u2019a rien d\u2019entrepreneurial\u00bb, souligne d\u2019embl\u00e9e Jamal Reddani, \u00e9conomiste d\u2019entreprise \u00e0 la t\u00eate d\u2019une soci\u00e9t\u00e9 fiduciaire \u00e0 Nyon, lorsqu\u2019on l\u2019interroge sur les effets de la r\u00e9forme de l\u2019imposition des entreprises II pour les petites et moyennes entreprises. Il a r\u00e9alis\u00e9 en 2009 un travail de m\u00e9moire HEC Gen\u00e8ve.<\/p>\n<a  itemprop=\"url\" href=\"https:\/\/reddani.ch\/website\/wp-content\/uploads\/2017\/06\/20120405-RII-interview-JR-1.pdf\" target=\"_blank\"  class=\"qbutton  default\" style=\"font-style: normal; font-weight: 600; margin: 10; \">Click here for the PDF<i class=\"qode_icon_font_awesome fa fa-file-pdf-o qode_button_icon_element\"><\/i><\/a>\n<p>[\/vc_column_text][\/vc_column][\/vc_row]<\/p>\n<\/div>","protected":false},"excerpt":{"rendered":"<p>PUBLICATION DANS LE TEMPS. Written interview given to the newspaper Le Temps on the reform entrepreneurship II Swiss law.<\/p>\n","protected":false},"author":1,"featured_media":15661,"comment_status":"closed","ping_status":"open","sticky":false,"template":"","format":"standard","meta":{"footnotes":""},"categories":[3],"tags":[170,171,172,173],"class_list":["post-15624","post","type-post","status-publish","format-standard","has-post-thumbnail","hentry","category-tax-articles","tag-dividend-taxation","tag-double-imposition-economique","tag-economic-double-taxation","tag-tax-on-dividend"],"yoast_head":"<!-- This site is optimized with the Yoast SEO plugin v25.4 - https:\/\/yoast.com\/wordpress\/plugins\/seo\/ -->\n<title>Tax on dividends - Fiduciaire Reddani SA<\/title>\n<meta name=\"description\" content=\"Written interview given to the newspaper Le Temps on the reform entrepreneurship II Swiss law\" \/>\n<meta name=\"robots\" content=\"index, follow, max-snippet:-1, max-image-preview:large, max-video-preview:-1\" \/>\n<link rel=\"canonical\" href=\"https:\/\/reddani.ch\/website\/tax-on-dividends\/\" \/>\n<meta property=\"og:locale\" content=\"en_US\" \/>\n<meta property=\"og:type\" content=\"article\" \/>\n<meta property=\"og:title\" content=\"Tax on dividends - Fiduciaire Reddani SA\" \/>\n<meta property=\"og:description\" content=\"Written interview given to the newspaper Le Temps on the reform entrepreneurship II Swiss law\" \/>\n<meta property=\"og:url\" content=\"https:\/\/reddani.ch\/website\/tax-on-dividends\/\" \/>\n<meta property=\"og:site_name\" content=\"Fiduciaire Reddani SA\" \/>\n<meta property=\"article:published_time\" content=\"2012-04-05T09:10:32+00:00\" \/>\n<meta property=\"article:modified_time\" content=\"2017-07-25T13:15:15+00:00\" \/>\n<meta property=\"og:image\" content=\"https:\/\/reddani.ch\/website\/wp-content\/uploads\/2017\/06\/20120405-RII-interview-JR-1.jpg\" \/>\n\t<meta property=\"og:image:width\" content=\"1600\" \/>\n\t<meta property=\"og:image:height\" content=\"1016\" \/>\n\t<meta property=\"og:image:type\" content=\"image\/jpeg\" \/>\n<meta name=\"author\" content=\"davidoff\" \/>\n<meta name=\"twitter:card\" content=\"summary_large_image\" \/>\n<meta name=\"twitter:label1\" content=\"Written by\" \/>\n\t<meta name=\"twitter:data1\" content=\"davidoff\" \/>\n\t<meta name=\"twitter:label2\" content=\"Est. reading time\" \/>\n\t<meta name=\"twitter:data2\" content=\"1 minute\" \/>\n<script type=\"application\/ld+json\" class=\"yoast-schema-graph\">{\"@context\":\"https:\/\/schema.org\",\"@graph\":[{\"@type\":\"Article\",\"@id\":\"https:\/\/reddani.ch\/website\/tax-on-dividends\/#article\",\"isPartOf\":{\"@id\":\"https:\/\/reddani.ch\/website\/tax-on-dividends\/\"},\"author\":{\"name\":\"davidoff\",\"@id\":\"https:\/\/reddani.ch\/website\/#\/schema\/person\/47e091f306366298e69ffbb6aa1a5fbe\"},\"headline\":\"Tax on dividends\",\"datePublished\":\"2012-04-05T09:10:32+00:00\",\"dateModified\":\"2017-07-25T13:15:15+00:00\",\"mainEntityOfPage\":{\"@id\":\"https:\/\/reddani.ch\/website\/tax-on-dividends\/\"},\"wordCount\":143,\"publisher\":{\"@id\":\"https:\/\/reddani.ch\/website\/#organization\"},\"image\":{\"@id\":\"https:\/\/reddani.ch\/website\/tax-on-dividends\/#primaryimage\"},\"thumbnailUrl\":\"https:\/\/reddani.ch\/website\/wp-content\/uploads\/2017\/06\/20120405-RII-interview-JR-1.jpg\",\"keywords\":[\"dividend taxation\",\"double imposition \u00e9conomique\",\"economic double taxation\",\"tax on dividend\"],\"articleSection\":[\"Tax Articles\"],\"inLanguage\":\"en-US\"},{\"@type\":\"WebPage\",\"@id\":\"https:\/\/reddani.ch\/website\/tax-on-dividends\/\",\"url\":\"https:\/\/reddani.ch\/website\/tax-on-dividends\/\",\"name\":\"Tax on dividends - Fiduciaire Reddani SA\",\"isPartOf\":{\"@id\":\"https:\/\/reddani.ch\/website\/#website\"},\"primaryImageOfPage\":{\"@id\":\"https:\/\/reddani.ch\/website\/tax-on-dividends\/#primaryimage\"},\"image\":{\"@id\":\"https:\/\/reddani.ch\/website\/tax-on-dividends\/#primaryimage\"},\"thumbnailUrl\":\"https:\/\/reddani.ch\/website\/wp-content\/uploads\/2017\/06\/20120405-RII-interview-JR-1.jpg\",\"datePublished\":\"2012-04-05T09:10:32+00:00\",\"dateModified\":\"2017-07-25T13:15:15+00:00\",\"description\":\"Written interview given to the newspaper Le Temps on the reform entrepreneurship II Swiss law\",\"breadcrumb\":{\"@id\":\"https:\/\/reddani.ch\/website\/tax-on-dividends\/#breadcrumb\"},\"inLanguage\":\"en-US\",\"potentialAction\":[{\"@type\":\"ReadAction\",\"target\":[\"https:\/\/reddani.ch\/website\/tax-on-dividends\/\"]}]},{\"@type\":\"ImageObject\",\"inLanguage\":\"en-US\",\"@id\":\"https:\/\/reddani.ch\/website\/tax-on-dividends\/#primaryimage\",\"url\":\"https:\/\/reddani.ch\/website\/wp-content\/uploads\/2017\/06\/20120405-RII-interview-JR-1.jpg\",\"contentUrl\":\"https:\/\/reddani.ch\/website\/wp-content\/uploads\/2017\/06\/20120405-RII-interview-JR-1.jpg\",\"width\":1600,\"height\":1016},{\"@type\":\"BreadcrumbList\",\"@id\":\"https:\/\/reddani.ch\/website\/tax-on-dividends\/#breadcrumb\",\"itemListElement\":[{\"@type\":\"ListItem\",\"position\":1,\"name\":\"Accueil\",\"item\":\"https:\/\/reddani.ch\/website\/\"},{\"@type\":\"ListItem\",\"position\":2,\"name\":\"Tax on dividends\"}]},{\"@type\":\"WebSite\",\"@id\":\"https:\/\/reddani.ch\/website\/#website\",\"url\":\"https:\/\/reddani.ch\/website\/\",\"name\":\"Fiduciaire Reddani SA\",\"description\":\"making business right\",\"publisher\":{\"@id\":\"https:\/\/reddani.ch\/website\/#organization\"},\"alternateName\":\"Reddani Fiduciaire SA\",\"potentialAction\":[{\"@type\":\"SearchAction\",\"target\":{\"@type\":\"EntryPoint\",\"urlTemplate\":\"https:\/\/reddani.ch\/website\/?s={search_term_string}\"},\"query-input\":{\"@type\":\"PropertyValueSpecification\",\"valueRequired\":true,\"valueName\":\"search_term_string\"}}],\"inLanguage\":\"en-US\"},{\"@type\":\"Organization\",\"@id\":\"https:\/\/reddani.ch\/website\/#organization\",\"name\":\"Reddani Fiduciaire SA\",\"alternateName\":\"Reddani Fiduciaire SA\",\"url\":\"https:\/\/reddani.ch\/website\/\",\"logo\":{\"@type\":\"ImageObject\",\"inLanguage\":\"en-US\",\"@id\":\"https:\/\/reddani.ch\/website\/#\/schema\/logo\/image\/\",\"url\":\"https:\/\/reddani.ch\/website\/wp-content\/uploads\/2024\/11\/Logo-reddaniexpatax-696x696-1.jpg\",\"contentUrl\":\"https:\/\/reddani.ch\/website\/wp-content\/uploads\/2024\/11\/Logo-reddaniexpatax-696x696-1.jpg\",\"width\":696,\"height\":696,\"caption\":\"Reddani Fiduciaire SA\"},\"image\":{\"@id\":\"https:\/\/reddani.ch\/website\/#\/schema\/logo\/image\/\"}},{\"@type\":\"Person\",\"@id\":\"https:\/\/reddani.ch\/website\/#\/schema\/person\/47e091f306366298e69ffbb6aa1a5fbe\",\"name\":\"davidoff\",\"image\":{\"@type\":\"ImageObject\",\"inLanguage\":\"en-US\",\"@id\":\"https:\/\/reddani.ch\/website\/#\/schema\/person\/image\/\",\"url\":\"https:\/\/secure.gravatar.com\/avatar\/c29652c005a2a028487ae726b4e95e28d7c48167148d886094aab8a51231e257?s=96&d=mm&r=g\",\"contentUrl\":\"https:\/\/secure.gravatar.com\/avatar\/c29652c005a2a028487ae726b4e95e28d7c48167148d886094aab8a51231e257?s=96&d=mm&r=g\",\"caption\":\"davidoff\"},\"url\":\"https:\/\/reddani.ch\/website\/author\/davidoff\/\"}]}<\/script>\n<!-- \/ Yoast SEO plugin. -->","yoast_head_json":{"title":"Tax on dividends - Fiduciaire Reddani SA","description":"Written interview given to the newspaper Le Temps on the reform entrepreneurship II Swiss law","robots":{"index":"index","follow":"follow","max-snippet":"max-snippet:-1","max-image-preview":"max-image-preview:large","max-video-preview":"max-video-preview:-1"},"canonical":"https:\/\/reddani.ch\/website\/tax-on-dividends\/","og_locale":"en_US","og_type":"article","og_title":"Tax on dividends - Fiduciaire Reddani SA","og_description":"Written interview given to the newspaper Le Temps on the reform entrepreneurship II Swiss law","og_url":"https:\/\/reddani.ch\/website\/tax-on-dividends\/","og_site_name":"Fiduciaire Reddani SA","article_published_time":"2012-04-05T09:10:32+00:00","article_modified_time":"2017-07-25T13:15:15+00:00","og_image":[{"width":1600,"height":1016,"url":"https:\/\/reddani.ch\/website\/wp-content\/uploads\/2017\/06\/20120405-RII-interview-JR-1.jpg","type":"image\/jpeg"}],"author":"davidoff","twitter_card":"summary_large_image","twitter_misc":{"Written by":"davidoff","Est. reading time":"1 minute"},"schema":{"@context":"https:\/\/schema.org","@graph":[{"@type":"Article","@id":"https:\/\/reddani.ch\/website\/tax-on-dividends\/#article","isPartOf":{"@id":"https:\/\/reddani.ch\/website\/tax-on-dividends\/"},"author":{"name":"davidoff","@id":"https:\/\/reddani.ch\/website\/#\/schema\/person\/47e091f306366298e69ffbb6aa1a5fbe"},"headline":"Tax on dividends","datePublished":"2012-04-05T09:10:32+00:00","dateModified":"2017-07-25T13:15:15+00:00","mainEntityOfPage":{"@id":"https:\/\/reddani.ch\/website\/tax-on-dividends\/"},"wordCount":143,"publisher":{"@id":"https:\/\/reddani.ch\/website\/#organization"},"image":{"@id":"https:\/\/reddani.ch\/website\/tax-on-dividends\/#primaryimage"},"thumbnailUrl":"https:\/\/reddani.ch\/website\/wp-content\/uploads\/2017\/06\/20120405-RII-interview-JR-1.jpg","keywords":["dividend taxation","double imposition \u00e9conomique","economic double taxation","tax on dividend"],"articleSection":["Tax Articles"],"inLanguage":"en-US"},{"@type":"WebPage","@id":"https:\/\/reddani.ch\/website\/tax-on-dividends\/","url":"https:\/\/reddani.ch\/website\/tax-on-dividends\/","name":"Tax on dividends - Fiduciaire Reddani SA","isPartOf":{"@id":"https:\/\/reddani.ch\/website\/#website"},"primaryImageOfPage":{"@id":"https:\/\/reddani.ch\/website\/tax-on-dividends\/#primaryimage"},"image":{"@id":"https:\/\/reddani.ch\/website\/tax-on-dividends\/#primaryimage"},"thumbnailUrl":"https:\/\/reddani.ch\/website\/wp-content\/uploads\/2017\/06\/20120405-RII-interview-JR-1.jpg","datePublished":"2012-04-05T09:10:32+00:00","dateModified":"2017-07-25T13:15:15+00:00","description":"Written interview given to the newspaper Le Temps on the reform entrepreneurship II Swiss law","breadcrumb":{"@id":"https:\/\/reddani.ch\/website\/tax-on-dividends\/#breadcrumb"},"inLanguage":"en-US","potentialAction":[{"@type":"ReadAction","target":["https:\/\/reddani.ch\/website\/tax-on-dividends\/"]}]},{"@type":"ImageObject","inLanguage":"en-US","@id":"https:\/\/reddani.ch\/website\/tax-on-dividends\/#primaryimage","url":"https:\/\/reddani.ch\/website\/wp-content\/uploads\/2017\/06\/20120405-RII-interview-JR-1.jpg","contentUrl":"https:\/\/reddani.ch\/website\/wp-content\/uploads\/2017\/06\/20120405-RII-interview-JR-1.jpg","width":1600,"height":1016},{"@type":"BreadcrumbList","@id":"https:\/\/reddani.ch\/website\/tax-on-dividends\/#breadcrumb","itemListElement":[{"@type":"ListItem","position":1,"name":"Accueil","item":"https:\/\/reddani.ch\/website\/"},{"@type":"ListItem","position":2,"name":"Tax on dividends"}]},{"@type":"WebSite","@id":"https:\/\/reddani.ch\/website\/#website","url":"https:\/\/reddani.ch\/website\/","name":"Fiduciaire Reddani SA","description":"making business right","publisher":{"@id":"https:\/\/reddani.ch\/website\/#organization"},"alternateName":"Reddani Fiduciaire SA","potentialAction":[{"@type":"SearchAction","target":{"@type":"EntryPoint","urlTemplate":"https:\/\/reddani.ch\/website\/?s={search_term_string}"},"query-input":{"@type":"PropertyValueSpecification","valueRequired":true,"valueName":"search_term_string"}}],"inLanguage":"en-US"},{"@type":"Organization","@id":"https:\/\/reddani.ch\/website\/#organization","name":"Reddani Fiduciaire SA","alternateName":"Reddani Fiduciaire SA","url":"https:\/\/reddani.ch\/website\/","logo":{"@type":"ImageObject","inLanguage":"en-US","@id":"https:\/\/reddani.ch\/website\/#\/schema\/logo\/image\/","url":"https:\/\/reddani.ch\/website\/wp-content\/uploads\/2024\/11\/Logo-reddaniexpatax-696x696-1.jpg","contentUrl":"https:\/\/reddani.ch\/website\/wp-content\/uploads\/2024\/11\/Logo-reddaniexpatax-696x696-1.jpg","width":696,"height":696,"caption":"Reddani Fiduciaire SA"},"image":{"@id":"https:\/\/reddani.ch\/website\/#\/schema\/logo\/image\/"}},{"@type":"Person","@id":"https:\/\/reddani.ch\/website\/#\/schema\/person\/47e091f306366298e69ffbb6aa1a5fbe","name":"davidoff","image":{"@type":"ImageObject","inLanguage":"en-US","@id":"https:\/\/reddani.ch\/website\/#\/schema\/person\/image\/","url":"https:\/\/secure.gravatar.com\/avatar\/c29652c005a2a028487ae726b4e95e28d7c48167148d886094aab8a51231e257?s=96&d=mm&r=g","contentUrl":"https:\/\/secure.gravatar.com\/avatar\/c29652c005a2a028487ae726b4e95e28d7c48167148d886094aab8a51231e257?s=96&d=mm&r=g","caption":"davidoff"},"url":"https:\/\/reddani.ch\/website\/author\/davidoff\/"}]}},"_links":{"self":[{"href":"https:\/\/reddani.ch\/website\/wp-json\/wp\/v2\/posts\/15624","targetHints":{"allow":["GET"]}}],"collection":[{"href":"https:\/\/reddani.ch\/website\/wp-json\/wp\/v2\/posts"}],"about":[{"href":"https:\/\/reddani.ch\/website\/wp-json\/wp\/v2\/types\/post"}],"author":[{"embeddable":true,"href":"https:\/\/reddani.ch\/website\/wp-json\/wp\/v2\/users\/1"}],"replies":[{"embeddable":true,"href":"https:\/\/reddani.ch\/website\/wp-json\/wp\/v2\/comments?post=15624"}],"version-history":[{"count":4,"href":"https:\/\/reddani.ch\/website\/wp-json\/wp\/v2\/posts\/15624\/revisions"}],"predecessor-version":[{"id":15712,"href":"https:\/\/reddani.ch\/website\/wp-json\/wp\/v2\/posts\/15624\/revisions\/15712"}],"wp:featuredmedia":[{"embeddable":true,"href":"https:\/\/reddani.ch\/website\/wp-json\/wp\/v2\/media\/15661"}],"wp:attachment":[{"href":"https:\/\/reddani.ch\/website\/wp-json\/wp\/v2\/media?parent=15624"}],"wp:term":[{"taxonomy":"category","embeddable":true,"href":"https:\/\/reddani.ch\/website\/wp-json\/wp\/v2\/categories?post=15624"},{"taxonomy":"post_tag","embeddable":true,"href":"https:\/\/reddani.ch\/website\/wp-json\/wp\/v2\/tags?post=15624"}],"curies":[{"name":"wp","href":"https:\/\/api.w.org\/{rel}","templated":true}]}}